{"@context":"https:\/\/schema.org\/","@type":"CollectionPage","@id":"https:\/\/www.borra.sk\/ekonomika\/#CollectionPage","headline":"Ekonomika Category","description":"","url":"https:\/\/www.borra.sk\/ekonomika\/","hasPart":[{"@type":"Article","@id":"https:\/\/www.borra.sk\/560-eurova-mzda-pre-tych-co-su-nezamestnani-sialeny-finsky-experiment-ukazuje-prve-vysledky\/","headline":"560 eurov\u00e1 mzda pre t\u00fdch, \u010do s\u00fa nezamestnan\u00ed. \u201e\u0160ialen\u00fd\u201c f\u00ednsky experiment ukazuje prv\u00e9 v\u00fdsledky","url":"https:\/\/www.borra.sk\/560-eurova-mzda-pre-tych-co-su-nezamestnani-sialeny-finsky-experiment-ukazuje-prve-vysledky\/","datePublished":"2020-09-20","dateModified":"2023-04-27","mainEntityOfPage":"https:\/\/www.borra.sk\/560-eurova-mzda-pre-tych-co-su-nezamestnani-sialeny-finsky-experiment-ukazuje-prve-vysledky\/","author":{"@type":"Person","@id":"https:\/\/www.borra.sk\/author\/#Person","name":"","url":"https:\/\/www.borra.sk\/author\/","identifier":1,"image":{"@type":"ImageObject","@id":"https:\/\/secure.gravatar.com\/avatar\/93869824c8aa580f0d16049ad31e69846ffc925e0cbb2826cc9554f53943da69?s=96&d=mm&r=g","url":"https:\/\/secure.gravatar.com\/avatar\/93869824c8aa580f0d16049ad31e69846ffc925e0cbb2826cc9554f53943da69?s=96&d=mm&r=g","height":96,"width":96}},"publisher":{"@type":"Organization","name":"borra.sk","logo":{"@type":"ImageObject","@id":"\/logo.png","url":"\/logo.png","width":600,"height":60}},"image":{"@type":"ImageObject","@id":"https:\/\/www.borra.sk\/wp-content\/uploads\/img_a296966_w16775_t1550332171.jpg","url":"https:\/\/www.borra.sk\/wp-content\/uploads\/img_a296966_w16775_t1550332171.jpg","height":0,"width":0},"keywords":null},{"@type":"Article","@id":"https:\/\/www.borra.sk\/slovenska-ekonomika-po-89\/","headline":"Slovensk\u00e1 ekonomika po 89","url":"https:\/\/www.borra.sk\/slovenska-ekonomika-po-89\/","datePublished":"2019-11-17","dateModified":"2023-04-27","mainEntityOfPage":"https:\/\/www.borra.sk\/slovenska-ekonomika-po-89\/","author":{"@type":"Person","@id":"https:\/\/www.borra.sk\/author\/#Person","name":"","url":"https:\/\/www.borra.sk\/author\/","identifier":1,"image":{"@type":"ImageObject","@id":"https:\/\/secure.gravatar.com\/avatar\/93869824c8aa580f0d16049ad31e69846ffc925e0cbb2826cc9554f53943da69?s=96&d=mm&r=g","url":"https:\/\/secure.gravatar.com\/avatar\/93869824c8aa580f0d16049ad31e69846ffc925e0cbb2826cc9554f53943da69?s=96&d=mm&r=g","height":96,"width":96}},"publisher":{"@type":"Organization","name":"borra.sk","logo":{"@type":"ImageObject","@id":"\/logo.png","url":"\/logo.png","width":600,"height":60}},"image":{"@type":"ImageObject","@id":"https:\/\/www.borra.sk\/wp-content\/uploads\/img_a308299_w16704_t1574440399.jpg","url":"https:\/\/www.borra.sk\/wp-content\/uploads\/img_a308299_w16704_t1574440399.jpg","height":0,"width":0},"keywords":null},{"@type":"Article","@id":"https:\/\/www.borra.sk\/temna-strana-volnej-ekonomiky\/","headline":"Temn\u00e1 strana vo\u013enej ekonomiky","url":"https:\/\/www.borra.sk\/temna-strana-volnej-ekonomiky\/","datePublished":"2019-07-25","dateModified":"2023-04-27","mainEntityOfPage":"https:\/\/www.borra.sk\/temna-strana-volnej-ekonomiky\/","author":{"@type":"Person","@id":"https:\/\/www.borra.sk\/author\/#Person","name":"","url":"https:\/\/www.borra.sk\/author\/","identifier":1,"image":{"@type":"ImageObject","@id":"https:\/\/secure.gravatar.com\/avatar\/93869824c8aa580f0d16049ad31e69846ffc925e0cbb2826cc9554f53943da69?s=96&d=mm&r=g","url":"https:\/\/secure.gravatar.com\/avatar\/93869824c8aa580f0d16049ad31e69846ffc925e0cbb2826cc9554f53943da69?s=96&d=mm&r=g","height":96,"width":96}},"publisher":{"@type":"Organization","name":"borra.sk","logo":{"@type":"ImageObject","@id":"\/logo.png","url":"\/logo.png","width":600,"height":60}},"image":{"@type":"ImageObject","@id":"https:\/\/www.borra.sk\/wp-content\/uploads\/img_a303560_w16626_t1564164458.png","url":"https:\/\/www.borra.sk\/wp-content\/uploads\/img_a303560_w16626_t1564164458.png","height":0,"width":0},"keywords":null}]}