[{"@context":"https:\/\/schema.org\/","@type":"Article","@id":"https:\/\/www.borra.sk\/izby-aj-ine-priestory\/#Article","mainEntityOfPage":"https:\/\/www.borra.sk\/izby-aj-ine-priestory\/","headline":"Izby aj in\u00e9 priestory","name":"Izby aj in\u00e9 priestory","description":"Pri zaria\u010fovan\u00ed domu sa v\u0161etci s\u00fastre\u010fujeme celkom prirodzene na najd\u00f4le\u017eitej\u0161ie miestnosti bytu : Kuchy\u0148u Sp\u00e1l\u0148u Ob\u00fdvaciu izbu A\u017e potom \u010dasto pr\u00edde na rad n\u00e1\u0161 poh\u013ead na : Chodbu Pracov\u0148u Zaiste, v\u0161etko z\u00e1vis\u00ed od konkr\u00e9tnych \u013eud\u00ed. Niekto potrebuje zaria\u010fova\u0165 detsk\u00fa izbu, niekto cel\u00fd byt zaria\u010fuje ako pracovn\u00fd priestor. Je to tak v poriadku. Byt, dom je [&hellip;]","datePublished":"2019-04-06","dateModified":"2023-04-27","author":{"@type":"Person","@id":"https:\/\/www.borra.sk\/author\/#Person","name":"","url":"https:\/\/www.borra.sk\/author\/","identifier":1,"image":{"@type":"ImageObject","@id":"https:\/\/secure.gravatar.com\/avatar\/93869824c8aa580f0d16049ad31e69846ffc925e0cbb2826cc9554f53943da69?s=96&d=mm&r=g","url":"https:\/\/secure.gravatar.com\/avatar\/93869824c8aa580f0d16049ad31e69846ffc925e0cbb2826cc9554f53943da69?s=96&d=mm&r=g","height":96,"width":96}},"publisher":{"@type":"Organization","name":"borra.sk","logo":{"@type":"ImageObject","@id":"\/logo.png","url":"\/logo.png","width":600,"height":60}},"image":{"@type":"ImageObject","@id":"https:\/\/www.borra.sk\/wp-content\/uploads\/img_a300059_w16625_t1556463360.jpg","url":"https:\/\/www.borra.sk\/wp-content\/uploads\/img_a300059_w16625_t1556463360.jpg","height":0,"width":0},"url":"https:\/\/www.borra.sk\/izby-aj-ine-priestory\/","wordCount":391,"articleBody":"\tPri zaria\u010fovan\u00ed domu sa v\u0161etci s\u00fastre\u010fujeme celkom prirodzene na najd\u00f4le\u017eitej\u0161ie miestnosti bytu :\t\t\tKuchy\u0148u\t\tSp\u00e1l\u0148u\t\tOb\u00fdvaciu izbuA\u017e potom \u010dasto pr\u00edde na rad n\u00e1\u0161 poh\u013ead na :\t\tChodbu\t\tPracov\u0148uZaiste, v\u0161etko z\u00e1vis\u00ed od konkr\u00e9tnych \u013eud\u00ed. Niekto potrebuje zaria\u010fova\u0165 detsk\u00fa izbu, niekto cel\u00fd byt zaria\u010fuje ako pracovn\u00fd priestor. Je to tak v poriadku. Byt, dom je predsa miestom, kde sa v prvom rade my m\u00e1me c\u00edti\u0165 pr\u00edjemn\u00e9 a pr\u00e1ve n\u00e1m m\u00e1 sl\u00fa\u017ei\u0165. Je to d\u00f4le\u017eit\u00e9 psychologick\u00e9 p\u00f4sobenie na na\u0161e vn\u00fatro tak, aby sme boli v harm\u00f3nii s bytom aj potrebami.Byt n\u00e1dherne, \u010disto zariaden\u00fd je snom ka\u017ed\u00e9ho z n\u00e1s. \u010cisto v tomto pon\u00edman\u00ed m\u00e1 hne\u010f nieko\u013eko aspektov :\t\tJednota \u0161t\u00fdlov a materi\u00e1lov\t\t\u00da\u010delnos\u0165 a funk\u010dnos\u0165 v s\u00falade s \u013eahkou \u00fadr\u017ebou bytu\t\t\u010cistota ako tak\u00e1V\u0161etci \u010dasom zist\u00edme, \u017ee sme predsa len na niektor\u00e9 drobnosti mo\u017eno zabudli:\t\tKam da\u0165 vys\u00e1va\u010d ?\t\tKde bude st\u00e1\u0165 metla a lopatka na smet\u00ed ?\t\tKam so \u017eehliacou doskou?\t\tKam d\u00e1me n\u00e1radie ?S tak\u00fdto povzdychnut\u00edm sa celkom iste stretneme. V\u017edy n\u00e1m ch\u00fdba skr\u00e1tka e\u0161te jedna mali\u010dk\u00e1 miestnos\u0165 na odkladanie vec\u00ed.\u010c\u00edm dlh\u0161ie \u017eijeme v objekte, t\u00fdm viac vec\u00ed sme si za to obdobie nahromadili. Potrebn\u00fdch, menej potrebn\u00fdch a aj t\u00fdch nepotrebn\u00fdch. Kam s nimi ?Dlho sme nevedeli kam s nimi ? Technick\u00e1 miestnos\u0165 nebola tak\u00e1 ve\u013ek\u00e1, aby sa tam zmestilo v\u0161etko. Vys\u00e1va\u010d, metla, doska na \u017eehlenie \u00e1no, ale pr\u00e1zdne skl\u00e1 na zav\u00e1ranie ur\u010den\u00e9 pre bud\u00faci rok, pr\u00e1zdne f\u013ea\u0161e na v\u00edno ur\u010den\u00e9 na doplnenie z\u00e1sob, v\u0155ta\u010dka, skrutkova\u010d, klince, technick\u00e9 n\u00e1radie nemali odrazu miesto.Vymysleli sme z\u00e1hradn\u00fd dom\u010dek. Pr\u00e1ve na odkladanie n\u00e1radia pre pr\u00e1ce v z\u00e1hrade a pre uskladnenie vec\u00ed, ktor\u00e9 sa n\u00e1m do bytu nezmestili. Na\u010das m\u00e1me pokoj!Ale u\u017e teraz tu\u0161\u00edm, \u017ee to bude priestor mal\u00fd. Deti rast\u00fa, mno\u017estvo vec\u00ed prib\u00fada. Budeme sa musie\u0165 veru s mnoh\u00fdmi rozl\u00fa\u010di\u0165, aby sme sa nestali skladom nepotrebn\u00fdch a zbyto\u010dn\u00fdch vec\u00ed.                                                                                                                                                                                                                                                                                                                                                                                        4.1\/5 - (12 votes)        "},{"@context":"https:\/\/schema.org\/","@type":"BreadcrumbList","itemListElement":[{"@type":"ListItem","position":1,"name":"Izby aj in\u00e9 priestory","item":"https:\/\/www.borra.sk\/izby-aj-ine-priestory\/#breadcrumbitem"}]}]