[{"@context":"https:\/\/schema.org\/","@type":"Article","@id":"https:\/\/www.borra.sk\/tricko-ako-stylovy-zaklad-letneho-oblecenia\/#Article","mainEntityOfPage":"https:\/\/www.borra.sk\/tricko-ako-stylovy-zaklad-letneho-oblecenia\/","headline":"Tri\u010dko ako \u0161t\u00fdlov\u00fd z\u00e1klad letn\u00e9ho oble\u010denia","name":"Tri\u010dko ako \u0161t\u00fdlov\u00fd z\u00e1klad letn\u00e9ho oble\u010denia","description":"Pre letn\u00e9 obdobie a prv\u00e9 teplej\u0161ie https:\/\/www.dobrenoviny.sk\/c\/48769\/teplo-teplo-teplejsie dni je typick\u00e9 \u013eahk\u00e9 praktick\u00e9 oble\u010denie pozost\u00e1vaj\u00face len z p\u00e1r najnutnej\u0161\u00edch k\u00faskov, ak\u00e9 predstavuj\u00fa tri\u010dk\u00e1 a kra\u0165ase. Pre niekoho mo\u017eno nev\u00fdhoda, \u017ee sa nem\u00f4\u017ee dokonale \u201enastajlova\u0165\u201c, pre in\u00fdch plus, \u017ee pri \u201estajlovan\u00ed\u201c str\u00e1via len minimum svojho \u010dasu. Av\u0161ak imid\u017e ako aj \u0161t\u00fdlov\u00e1 vo\u013eba letn\u00fdch prvkov sa d\u00e1 udr\u017eiava\u0165 [&hellip;]","datePublished":"2019-09-02","dateModified":"2023-04-27","author":{"@type":"Person","@id":"https:\/\/www.borra.sk\/author\/#Person","name":"","url":"https:\/\/www.borra.sk\/author\/","identifier":1,"image":{"@type":"ImageObject","@id":"https:\/\/secure.gravatar.com\/avatar\/93869824c8aa580f0d16049ad31e69846ffc925e0cbb2826cc9554f53943da69?s=96&d=mm&r=g","url":"https:\/\/secure.gravatar.com\/avatar\/93869824c8aa580f0d16049ad31e69846ffc925e0cbb2826cc9554f53943da69?s=96&d=mm&r=g","height":96,"width":96}},"publisher":{"@type":"Organization","name":"borra.sk","logo":{"@type":"ImageObject","@id":"\/logo.png","url":"\/logo.png","width":600,"height":60}},"image":{"@type":"ImageObject","@id":"https:\/\/www.borra.sk\/wp-content\/uploads\/img_a308102_w16704_t1573562810.jpg","url":"https:\/\/www.borra.sk\/wp-content\/uploads\/img_a308102_w16704_t1573562810.jpg","height":0,"width":0},"url":"https:\/\/www.borra.sk\/tricko-ako-stylovy-zaklad-letneho-oblecenia\/","about":["V\u00fdrobky"],"wordCount":416,"articleBody":"Pre letn\u00e9 obdobie a prv\u00e9 teplej\u0161ie  https:\/\/www.dobrenoviny.sk\/c\/48769\/teplo-teplo-teplejsie dni je typick\u00e9 \u013eahk\u00e9 praktick\u00e9 oble\u010denie pozost\u00e1vaj\u00face len z p\u00e1r najnutnej\u0161\u00edch k\u00faskov, ak\u00e9 predstavuj\u00fa tri\u010dk\u00e1 a kra\u0165ase. Pre niekoho mo\u017eno nev\u00fdhoda, \u017ee sa nem\u00f4\u017ee dokonale \u201enastajlova\u0165\u201c, pre in\u00fdch plus, \u017ee pri \u201estajlovan\u00ed\u201c str\u00e1via len minimum svojho \u010dasu. Av\u0161ak imid\u017e ako aj \u0161t\u00fdlov\u00e1 vo\u013eba letn\u00fdch prvkov sa d\u00e1 udr\u017eiava\u0165 aj v opisovanom obdob\u00ed, sta\u010d\u00ed sa pozrie\u0165 na ponuku modern\u00fdch a z\u00e1rove\u0148 elegantn\u00fdch tri\u010diek. Pr\u00e1ve tri\u010dk\u00e1 s\u00fa ak\u00fdmsi najvidite\u013enej\u0161\u00edm prvkom letn\u00e9ho overalu a dok\u00e1\u017eu navies\u0165 v\u00e1\u0161 imid\u017e t\u00fdm spr\u00e1vnym smerom, \u010di u\u017e vrav\u00edme o vkusn\u00fdch tri\u010dk\u00e1ch bez potla\u010de alebo atrakt\u00edvnych a zauj\u00edmav\u00fdch mot\u00edvoch.  Farbatri\u010dka by mala vizu\u00e1lne zapasova\u0165 s ostatn\u00fdmi prvkami, ktor\u00e9 budete ma\u0165 na sebe. Potla\u010d by mala odr\u00e1\u017ea\u0165 ur\u010dit\u00fa str\u00e1nku v\u00e1\u0161ho ja alebo \u0161t\u00fdl v\u00e1\u0161ho humoru. Strih a prevedenieby sa takisto mali prisp\u00f4sobi\u0165 va\u0161ej postave, aby p\u00f4sobila \u010do najlep\u0161ie. M\u00f4\u017ee da\u0165 vynikn\u00fa\u0165 atrakt\u00edvnym \u010dastiam alebo naopak schova\u0165 ist\u00e9 nedostatky. Vo viacer\u00fdch pr\u00edpadoch je prakticky be\u017en\u00e9, \u017ee k bl\u00ed\u017eiacej sa sez\u00f3ne si nachyst\u00e1me nie jedno, ale priamo z\u00e1sobu r\u00f4znych tri\u010diek. Jeden kus by n\u00e1s predsa r\u00fdchlo omrzel a nehodil by sa na ka\u017ed\u00fd de\u0148, ku ka\u017edej pr\u00edle\u017eitosti \u010di ku v\u0161etk\u00fdm prvkom, ktor\u00e9 n\u00e1s bud\u00fa cez leto sprev\u00e1dza\u0165. Takisto ke\u010f je jese\u0148 alebo zima, pod mikinou a bundou \u013eahko schov\u00e1me aj ten najnevkusnej\u0161\u00ed k\u00fasok, av\u0161ak cez leto s n\u00edm mus\u00edme von. Preto by mal odr\u00e1\u017ea\u0165 na\u0161e predstavy a ur\u010dit\u00fd \u0161t\u00fdl. Okrem klasick\u00e9ho prevedenia v\u0161ak m\u00e1me na v\u00fdber aj tri\u010dk\u00e1, respekt\u00edve topy bez ruk\u00e1vov. Pokia\u013e sa prisp\u00f4sobia na\u0161ej postave, ide o ve\u013emi praktick\u00fd a e\u0161te o nie\u010do pohodlnej\u0161\u00ed odev, ide\u00e1lne ak vonku z\u00faria teploty nad 30 stup\u0148ov. Ale nezab\u00fadajme, \u017ee pre ve\u010dn\u00fdch eleg\u00e1nov s\u00fa tu aj \u013eahk\u00e9 ko\u0161ele s kr\u00e1tkym ruk\u00e1vom, \u010do je vlastne klasika, s akou \u010dastokr\u00e1t ni\u010d nepokaz\u00edme, sk\u00f4r naopak. Letn\u00fd overal chyt\u00ed n\u00e1dych usporiadanosti, no z\u00e1rove\u0148 potrebn\u00e9ho komfortu a vo\u013enosti.                                                                                                                                                                                                                                                                                                                                                                                         4.4\/5 - (10 votes)        "},{"@context":"https:\/\/schema.org\/","@type":"BreadcrumbList","itemListElement":[{"@type":"ListItem","position":1,"name":"Tri\u010dko ako \u0161t\u00fdlov\u00fd z\u00e1klad letn\u00e9ho oble\u010denia","item":"https:\/\/www.borra.sk\/tricko-ako-stylovy-zaklad-letneho-oblecenia\/#breadcrumbitem"}]}]