[{"@context":"https:\/\/schema.org\/","@type":"Article","@id":"https:\/\/www.borra.sk\/ukrajinska-spevacka-odriekla-ucast-na-eurovizii-kvoli-politickej-situacii\/#Article","mainEntityOfPage":"https:\/\/www.borra.sk\/ukrajinska-spevacka-odriekla-ucast-na-eurovizii-kvoli-politickej-situacii\/","headline":"Ukrajinsk\u00e1 spev\u00e1\u010dka odriekla \u00fa\u010das\u0165 na Eurov\u00edzii kv\u00f4li politickej situ\u00e1cii","name":"Ukrajinsk\u00e1 spev\u00e1\u010dka odriekla \u00fa\u010das\u0165 na Eurov\u00edzii kv\u00f4li politickej situ\u00e1cii","description":"Eurov\u00edzia patr\u00ed k\u00a0spev\u00e1ckym s\u00fa\u0165a\u017eiam, ktor\u00fdch v\u00ed\u0165azi n\u00e1s svojimi pies\u0148ami te\u0161ia dodnes. Nadch\u00e1dzaj\u00fa ro\u010dn\u00edk nie je v\u00fdnimkou, interpr\u00e9ti sa u\u017e pripravuj\u00fa na svoje \u017eiv\u00e9 vyst\u00fapenia, no jedna zo spev\u00e1\u010dok sa na p\u00f3dium nepostav\u00ed. \u00a0 \u00da\u010das\u0165 odrieknut\u00e1 nedobrovo\u013ene Hovor\u00edme o\u00a0ukrajinskej spev\u00e1\u010dke Anne Korsun, ktor\u00e1 je zn\u00e1ma pod umeleck\u00fdm menom Maruv. T\u00e1 bola nominantkou na \u00fa\u010das\u0165 v\u00a0s\u00fa\u0165a\u017ei za [&hellip;]","datePublished":"2019-01-11","dateModified":"2023-04-27","author":{"@type":"Person","@id":"https:\/\/www.borra.sk\/author\/#Person","name":"","url":"https:\/\/www.borra.sk\/author\/","identifier":1,"image":{"@type":"ImageObject","@id":"https:\/\/secure.gravatar.com\/avatar\/93869824c8aa580f0d16049ad31e69846ffc925e0cbb2826cc9554f53943da69?s=96&d=mm&r=g","url":"https:\/\/secure.gravatar.com\/avatar\/93869824c8aa580f0d16049ad31e69846ffc925e0cbb2826cc9554f53943da69?s=96&d=mm&r=g","height":96,"width":96}},"publisher":{"@type":"Organization","name":"borra.sk","logo":{"@type":"ImageObject","@id":"\/logo.png","url":"\/logo.png","width":600,"height":60}},"image":{"@type":"ImageObject","@id":"https:\/\/www.borra.sk\/wp-content\/uploads\/img_a297716_w16504_t1552321023.jpg","url":"https:\/\/www.borra.sk\/wp-content\/uploads\/img_a297716_w16504_t1552321023.jpg","height":0,"width":0},"url":"https:\/\/www.borra.sk\/ukrajinska-spevacka-odriekla-ucast-na-eurovizii-kvoli-politickej-situacii\/","about":["\u017deny\r"],"wordCount":378,"articleBody":"Eurov\u00edzia patr\u00ed k\u00a0spev\u00e1ckym s\u00fa\u0165a\u017eiam, ktor\u00fdch v\u00ed\u0165azi n\u00e1s svojimi pies\u0148ami te\u0161ia dodnes. Nadch\u00e1dzaj\u00fa ro\u010dn\u00edk nie je v\u00fdnimkou, interpr\u00e9ti sa u\u017e pripravuj\u00fa na svoje \u017eiv\u00e9 vyst\u00fapenia, no jedna zo spev\u00e1\u010dok sa na p\u00f3dium nepostav\u00ed.\u00a0\u00da\u010das\u0165 odrieknut\u00e1 nedobrovo\u013eneHovor\u00edme o\u00a0ukrajinskej spev\u00e1\u010dke Anne Korsun, ktor\u00e1 je zn\u00e1ma pod umeleck\u00fdm menom Maruv. T\u00e1 bola nominantkou na \u00fa\u010das\u0165 v\u00a0s\u00fa\u0165a\u017ei za Ukrajinu, no v\u00a0pondelok sa verejnopr\u00e1vna telev\u00edzia tejto krajiny rozhodla ju z\u00a0\u00fa\u010dasti na Eurov\u00edzii stiahnu\u0165. Tradi\u010dn\u00e1 spev\u00e1cka s\u00fa\u0165a\u017e, konan\u00e1 ka\u017edoro\u010dne, tak bude ma\u0165 o\u00a0jednu s\u00fa\u0165a\u017eiacu menej.\u00a0Neakceptovate\u013en\u00e9 podmienkyMaruv je mlad\u00e1 spev\u00e1\u010dka, m\u00e1 dvadsa\u0165sedem rokov a\u00a0tento rok mala reprezentova\u0165 Ukrajinu, ale bohu\u017eia\u013e jej telev\u00edzia dala nieko\u013eko podmienok a\u00a0medzi nimi aj n\u00e1vrh na zru\u0161enie v\u0161etk\u00fdch jej pl\u00e1novan\u00fdch koncertov v\u00a0Rusku. Na rozmyslenie dostala 24 hod\u00edn, po\u010das ktor\u00e9ho malo padn\u00fa\u0165 jej rozhodnutie. To predsa len padlo, v\u00a0pondelok ve\u010der ozn\u00e1mila, \u017ee sa vzd\u00e1va \u00fa\u010dasti na Eurov\u00edzii.Spev\u00e1\u010dka sa vyjadrila, \u017ee najv\u00e4\u010d\u0161\u00edm probl\u00e9mom by nebolo zru\u0161enie vyst\u00fapen\u00ed v\u00a0Rusku, ale ostatn\u00e9 podmienky, ktor\u00e9 jej telev\u00edzia predostrela, a\u00a0tie s\u00fa pre \u0148u viac ako neprijate\u013en\u00e9. Hovor\u00ed, \u017ee hoci Ukrajinu miluje, st\u00e1le je jej ob\u010diankou, ale robi\u0165 nejak\u00e9 promo akcie politikom na medzin\u00e1rodnej spev\u00e1ckej s\u00fa\u0165a\u017ei odmieta. Konkr\u00e9tne po\u017eiadavky telev\u00edzie v\u0161ak neuviedla.\u00a0S\u00fa\u0165a\u017ei\u0165 m\u00f4\u017eu len vlastenciK\u00a0situ\u00e1cii sa vyjadrila aj telev\u00edzia a\u00a0vo vyhl\u00e1sen\u00ed v\u00a0pondelok uviedla, \u017ee so spev\u00e1\u010dkou sa na podmienkach v\u00a0s\u00fa\u0165a\u017ei nedohodli. Argumentovala t\u00fdm, \u017ee s\u00fa\u0165a\u017eiaci danej krajiny je z\u00e1rove\u0148 aj jej kult\u00farnym vyslancom a\u00a0mal by zdie\u013ea\u0165 aj n\u00e1zor vlastn\u00e9ho n\u00e1roda. Pod\u013ea spev\u00e1\u010dky trvali rokovania takmer sedem hod\u00edn a\u00a0do diskusie sa zapojilo u\u017e aj Ministerstvo kult\u00fary Ukrajiny so svojim vyjadren\u00edm v\u00a0tom zmysle, \u017ee spieva\u0165 by malo by\u0165 dovolen\u00e9 len vlastencom a\u00a0\u013eu\u010fom zodpovedn\u00fdm za svoje postoje a\u00a0n\u00e1zory.                                                                                                                                                                                                                                                                                                                                                                                        4.1\/5 - (14 votes)        "},{"@context":"https:\/\/schema.org\/","@type":"BreadcrumbList","itemListElement":[{"@type":"ListItem","position":1,"name":"Ukrajinsk\u00e1 spev\u00e1\u010dka odriekla \u00fa\u010das\u0165 na Eurov\u00edzii kv\u00f4li politickej situ\u00e1cii","item":"https:\/\/www.borra.sk\/ukrajinska-spevacka-odriekla-ucast-na-eurovizii-kvoli-politickej-situacii\/#breadcrumbitem"}]}]